{"id":832,"__str__":"Parecer - Comiss\u00e3o de Justi\u00e7a e Reda\u00e7\u00e3o de 15/08/2013 por Vereadora Relatora","link_detail_backend":"/materia/documentoacessorio/832","metadata":{},"nome":"Comiss\u00e3o de Justi\u00e7a e Reda\u00e7\u00e3o","data":"2013-08-15","autor":"Vereadora Relatora","ementa":"","indexacao":"","arquivo":"http://sapl.areias.sp.leg.br/media/sapl/public/documentoacessorio/2013/832/parecer_comisao_pdl_3_2013.pdf","data_ultima_atualizacao":"2022-11-07T16:18:30.756074-03:00","materia":953,"tipo":1}