{"id":388,"__str__":"Parecer - Comiss\u00e3o de Justi\u00e7a e Reda\u00e7\u00e3o de 28/10/2020 por Vereador Relator","link_detail_backend":"/materia/documentoacessorio/388","metadata":{},"nome":"Comiss\u00e3o de Justi\u00e7a e Reda\u00e7\u00e3o","data":"2020-10-28","autor":"Vereador Relator","ementa":"","indexacao":"","arquivo":"http://sapl.areias.sp.leg.br/media/sapl/public/documentoacessorio/2020/388/parecer_justica_redacao.pdf","data_ultima_atualizacao":"2020-11-03T08:52:48.910515-03:00","materia":515,"tipo":1}