{"id":2001,"__str__":"Parecer - COMISS\u00c3O DE JUSTI\u00c7A E REDA\u00c7\u00c3O de 12/02/2026 por RELATOR DA COMISS\u00c3O","link_detail_backend":"/materia/documentoacessorio/2001","metadata":{},"nome":"COMISS\u00c3O DE JUSTI\u00c7A E REDA\u00c7\u00c3O","data":"2026-02-12","autor":"RELATOR DA COMISS\u00c3O","ementa":"","indexacao":"","arquivo":"http://sapl.areias.sp.leg.br/media/sapl/public/documentoacessorio/2026/2001/parecer_cjr.pdf","data_ultima_atualizacao":"2026-02-12T11:37:43.455045-03:00","materia":2350,"tipo":1}