{"id":1950,"__str__":"Parecer - COMISS\u00c3O DE JUSTI\u00c7A E REDA\u00c7\u00c3O de 28/11/2025 por VEREADOR RELATOR","link_detail_backend":"/materia/documentoacessorio/1950","metadata":{},"nome":"COMISS\u00c3O DE JUSTI\u00c7A E REDA\u00c7\u00c3O","data":"2025-11-28","autor":"VEREADOR RELATOR","ementa":"","indexacao":"","arquivo":"http://sapl.areias.sp.leg.br/media/sapl/public/documentoacessorio/2025/1950/parecer_comissao_justica_redacao_ple_22_2025.pdf","data_ultima_atualizacao":"2025-12-01T16:30:44.401998-03:00","materia":2252,"tipo":1}