{"id":1949,"__str__":"Avulso - COMISS\u00c3O DE JUSTI\u00c7A E REDA\u00c7\u00c3O de 28/11/2025 por VEREADOR RELATOR","link_detail_backend":"/materia/documentoacessorio/1949","metadata":{},"nome":"COMISS\u00c3O DE JUSTI\u00c7A E REDA\u00c7\u00c3O","data":"2025-11-28","autor":"VEREADOR RELATOR","ementa":"","indexacao":"","arquivo":"http://sapl.areias.sp.leg.br/media/sapl/public/documentoacessorio/2025/1949/parecer_comissao_justica_redacao_ple_18_2025.pdf","data_ultima_atualizacao":"2025-12-01T16:26:01.547883-03:00","materia":2222,"tipo":3}