{"id":1811,"__str__":"Aut\u00f3grafo - Aut\u00f3grafo de 03/07/2025 por Presidente da C\u00e2mara","link_detail_backend":"/materia/documentoacessorio/1811","metadata":{},"nome":"Aut\u00f3grafo","data":"2025-07-03","autor":"Presidente da C\u00e2mara","ementa":"","indexacao":"","arquivo":"http://sapl.areias.sp.leg.br/media/sapl/public/documentoacessorio/2025/1811/autografo_21_2025_ple_09_2025.pdf","data_ultima_atualizacao":"2025-07-24T09:22:52.527783-03:00","materia":2142,"tipo":4}