{"id":1348,"__str__":"Parecer - Comiss\u00e3o de Justi\u00e7a e Reda\u00e7\u00e3o de 01/04/2011 por Relator","link_detail_backend":"/materia/documentoacessorio/1348","metadata":{},"nome":"Comiss\u00e3o de Justi\u00e7a e Reda\u00e7\u00e3o","data":"2011-04-01","autor":"Relator","ementa":"","indexacao":"","arquivo":"http://sapl.areias.sp.leg.br/media/sapl/public/documentoacessorio/2011/1348/justica_redacao_ple_06_2011.pdf","data_ultima_atualizacao":"2023-10-20T14:53:14.951137-03:00","materia":1848,"tipo":1}