{"id":1319,"__str__":"Parecer - Comiss\u00e3o de Justi\u00e7a e Reda\u00e7\u00e3o de 15/06/2012 por Relator","link_detail_backend":"/materia/documentoacessorio/1319","metadata":{},"nome":"Comiss\u00e3o de Justi\u00e7a e Reda\u00e7\u00e3o","data":"2012-06-15","autor":"Relator","ementa":"","indexacao":"","arquivo":"http://sapl.areias.sp.leg.br/media/sapl/public/documentoacessorio/2012/1319/comissao_de_justica_e_redacao_20.pdf","data_ultima_atualizacao":"2023-10-02T15:01:26.420355-03:00","materia":1813,"tipo":1}