{"id":1299,"__str__":"Parecer - Comiss\u00e3o de Justi\u00e7a e Reda\u00e7\u00e3o de 01/06/2012 por Relator","link_detail_backend":"/materia/documentoacessorio/1299","metadata":{},"nome":"Comiss\u00e3o de Justi\u00e7a e Reda\u00e7\u00e3o","data":"2012-06-01","autor":"Relator","ementa":"","indexacao":"","arquivo":"http://sapl.areias.sp.leg.br/media/sapl/public/documentoacessorio/2012/1299/comissao_de_justica_e_redacao_-_11.pdf","data_ultima_atualizacao":"2023-10-02T14:29:01.495847-03:00","materia":1803,"tipo":1}