{"id":1020,"__str__":"Parecer - COMISS\u00c3O DE JUSTI\u00c7A E REDA\u00c7\u00c3O de 11/12/2015 por RELATOR","link_detail_backend":"/materia/documentoacessorio/1020","metadata":{},"nome":"COMISS\u00c3O DE JUSTI\u00c7A E REDA\u00c7\u00c3O","data":"2015-12-11","autor":"RELATOR","ementa":"","indexacao":"","arquivo":"http://sapl.areias.sp.leg.br/media/sapl/public/documentoacessorio/2015/1020/cjr.pdf","data_ultima_atualizacao":"2023-05-15T11:26:35.173368-03:00","materia":1045,"tipo":1}